{"id":3968,"date":"2020-01-12T22:59:35","date_gmt":"2020-01-12T22:59:35","guid":{"rendered":"http:\/\/losegador.com\/losegador\/eufonic-festival\/"},"modified":"2021-03-19T19:48:47","modified_gmt":"2021-03-19T19:48:47","slug":"eufonic-festival","status":"publish","type":"post","link":"https:\/\/losegador.com\/en\/eufonic-festival\/","title":{"rendered":"Euf\u00f2nic festival"},"content":{"rendered":"\n<p>Euf\u00f2nic is a four-day festival built around sound, visual and digital arts, which takes place in Sant Carles de la R\u00e0pita and its surroundings with artistic installations at various spaces in Terres de l&#8217;Ebre: Amposta, Miravet, Roquetes , Tortosa and Ulldecona. Euf\u00f2nic are exceptional arts in their broadest sense: audiovisual performances, workshops, installations in museum spaces, sound actions, activities for the family audience and concerts in unique spaces.<\/p>\n\n<p><a href=\"https:\/\/eufonic.net\/es\/\">https:\/\/eufonic.net\/es\/<\/a><\/p>\n\n<p><\/p>\n","protected":false},"excerpt":{"rendered":"<p>Euf\u00f2nic is a four-day festival built around sound, visual and digital arts, which takes place in Sant Carles de la R\u00e0pita and its surroundings with artistic installations at various spaces [&hellip;]<\/p>\n","protected":false},"author":1,"featured_media":4900,"comment_status":"closed","ping_status":"closed","sticky":false,"template":"","format":"standard","meta":{"_acf_changed":false,"_uag_custom_page_level_css":"","_jetpack_memberships_contains_paid_content":false,"footnotes":""},"categories":[198],"tags":[],"class_list":["post-3968","post","type-post","status-publish","format-standard","has-post-thumbnail","hentry","category-uncategorized"],"acf":[],"yoast_head":"<!-- This site is optimized with the Yoast SEO plugin v27.5 - https:\/\/yoast.com\/product\/yoast-seo-wordpress\/ -->\n<title>Euf\u00f2nic festival - Lo Segador<\/title>\n<meta name=\"robots\" content=\"index, follow, max-snippet:-1, max-image-preview:large, max-video-preview:-1\" \/>\n<link rel=\"canonical\" href=\"https:\/\/losegador.com\/en\/eufonic-festival\/\" \/>\n<meta property=\"og:locale\" content=\"en_US\" \/>\n<meta property=\"og:type\" content=\"article\" \/>\n<meta property=\"og:title\" content=\"Euf\u00f2nic festival - Lo Segador\" \/>\n<meta property=\"og:description\" content=\"Euf\u00f2nic is a four-day festival built around sound, visual and digital arts, which takes place in Sant Carles de la R\u00e0pita and its surroundings with artistic installations at various spaces [&hellip;]\" \/>\n<meta property=\"og:url\" content=\"https:\/\/losegador.com\/en\/eufonic-festival\/\" \/>\n<meta property=\"og:site_name\" content=\"Lo Segador\" \/>\n<meta property=\"article:publisher\" content=\"https:\/\/www.facebook.com\/losegador\/\" \/>\n<meta property=\"article:published_time\" content=\"2020-01-12T22:59:35+00:00\" \/>\n<meta property=\"article:modified_time\" content=\"2021-03-19T19:48:47+00:00\" \/>\n<meta property=\"og:image\" content=\"https:\/\/losegador.com\/losegador\/wp-content\/uploads\/2020\/04\/eufonic-1024x624-1.jpeg\" \/>\n\t<meta property=\"og:image:width\" content=\"1024\" \/>\n\t<meta property=\"og:image:height\" content=\"576\" \/>\n\t<meta property=\"og:image:type\" content=\"image\/jpeg\" \/>\n<meta name=\"author\" content=\"Dora\" \/>\n<meta name=\"twitter:card\" content=\"summary_large_image\" \/>\n<meta name=\"twitter:label1\" content=\"Written by\" \/>\n\t<meta name=\"twitter:data1\" content=\"Dora\" \/>\n<script type=\"application\/ld+json\" class=\"yoast-schema-graph\">{\"@context\":\"https:\\\/\\\/schema.org\",\"@graph\":[{\"@type\":\"Article\",\"@id\":\"https:\\\/\\\/losegador.com\\\/en\\\/eufonic-festival\\\/#article\",\"isPartOf\":{\"@id\":\"https:\\\/\\\/losegador.com\\\/en\\\/eufonic-festival\\\/\"},\"author\":{\"name\":\"Dora\",\"@id\":\"https:\\\/\\\/losegador.com\\\/en\\\/#\\\/schema\\\/person\\\/9dfd1fddb77e195e4fe8398e0ec87be8\"},\"headline\":\"Euf\u00f2nic festival\",\"datePublished\":\"2020-01-12T22:59:35+00:00\",\"dateModified\":\"2021-03-19T19:48:47+00:00\",\"mainEntityOfPage\":{\"@id\":\"https:\\\/\\\/losegador.com\\\/en\\\/eufonic-festival\\\/\"},\"wordCount\":78,\"publisher\":{\"@id\":\"https:\\\/\\\/losegador.com\\\/en\\\/#organization\"},\"image\":{\"@id\":\"https:\\\/\\\/losegador.com\\\/en\\\/eufonic-festival\\\/#primaryimage\"},\"thumbnailUrl\":\"https:\\\/\\\/losegador.com\\\/losegador\\\/wp-content\\\/uploads\\\/2020\\\/04\\\/eufonic-1024x624-1.jpeg\",\"inLanguage\":\"en-US\"},{\"@type\":\"WebPage\",\"@id\":\"https:\\\/\\\/losegador.com\\\/en\\\/eufonic-festival\\\/\",\"url\":\"https:\\\/\\\/losegador.com\\\/en\\\/eufonic-festival\\\/\",\"name\":\"Euf\u00f2nic festival - Lo Segador\",\"isPartOf\":{\"@id\":\"https:\\\/\\\/losegador.com\\\/en\\\/#website\"},\"primaryImageOfPage\":{\"@id\":\"https:\\\/\\\/losegador.com\\\/en\\\/eufonic-festival\\\/#primaryimage\"},\"image\":{\"@id\":\"https:\\\/\\\/losegador.com\\\/en\\\/eufonic-festival\\\/#primaryimage\"},\"thumbnailUrl\":\"https:\\\/\\\/losegador.com\\\/losegador\\\/wp-content\\\/uploads\\\/2020\\\/04\\\/eufonic-1024x624-1.jpeg\",\"datePublished\":\"2020-01-12T22:59:35+00:00\",\"dateModified\":\"2021-03-19T19:48:47+00:00\",\"breadcrumb\":{\"@id\":\"https:\\\/\\\/losegador.com\\\/en\\\/eufonic-festival\\\/#breadcrumb\"},\"inLanguage\":\"en-US\",\"potentialAction\":[{\"@type\":\"ReadAction\",\"target\":[\"https:\\\/\\\/losegador.com\\\/en\\\/eufonic-festival\\\/\"]}]},{\"@type\":\"ImageObject\",\"inLanguage\":\"en-US\",\"@id\":\"https:\\\/\\\/losegador.com\\\/en\\\/eufonic-festival\\\/#primaryimage\",\"url\":\"https:\\\/\\\/losegador.com\\\/losegador\\\/wp-content\\\/uploads\\\/2020\\\/04\\\/eufonic-1024x624-1.jpeg\",\"contentUrl\":\"https:\\\/\\\/losegador.com\\\/losegador\\\/wp-content\\\/uploads\\\/2020\\\/04\\\/eufonic-1024x624-1.jpeg\",\"width\":1024,\"height\":576},{\"@type\":\"BreadcrumbList\",\"@id\":\"https:\\\/\\\/losegador.com\\\/en\\\/eufonic-festival\\\/#breadcrumb\",\"itemListElement\":[{\"@type\":\"ListItem\",\"position\":1,\"name\":\"Portada\",\"item\":\"https:\\\/\\\/losegador.com\\\/en\\\/\"},{\"@type\":\"ListItem\",\"position\":2,\"name\":\"Euf\u00f2nic festival\"}]},{\"@type\":\"WebSite\",\"@id\":\"https:\\\/\\\/losegador.com\\\/en\\\/#website\",\"url\":\"https:\\\/\\\/losegador.com\\\/en\\\/\",\"name\":\"Lo Segador\",\"description\":\"\",\"publisher\":{\"@id\":\"https:\\\/\\\/losegador.com\\\/en\\\/#organization\"},\"potentialAction\":[{\"@type\":\"SearchAction\",\"target\":{\"@type\":\"EntryPoint\",\"urlTemplate\":\"https:\\\/\\\/losegador.com\\\/en\\\/?s={search_term_string}\"},\"query-input\":{\"@type\":\"PropertyValueSpecification\",\"valueRequired\":true,\"valueName\":\"search_term_string\"}}],\"inLanguage\":\"en-US\"},{\"@type\":\"Organization\",\"@id\":\"https:\\\/\\\/losegador.com\\\/en\\\/#organization\",\"name\":\"Lo Segador\",\"url\":\"https:\\\/\\\/losegador.com\\\/en\\\/\",\"logo\":{\"@type\":\"ImageObject\",\"inLanguage\":\"en-US\",\"@id\":\"https:\\\/\\\/losegador.com\\\/en\\\/#\\\/schema\\\/logo\\\/image\\\/\",\"url\":\"https:\\\/\\\/losegador.com\\\/losegador\\\/wp-content\\\/uploads\\\/2020\\\/06\\\/lo-segador-logo.png\",\"contentUrl\":\"https:\\\/\\\/losegador.com\\\/losegador\\\/wp-content\\\/uploads\\\/2020\\\/06\\\/lo-segador-logo.png\",\"width\":600,\"height\":400,\"caption\":\"Lo Segador\"},\"image\":{\"@id\":\"https:\\\/\\\/losegador.com\\\/en\\\/#\\\/schema\\\/logo\\\/image\\\/\"},\"sameAs\":[\"https:\\\/\\\/www.facebook.com\\\/losegador\\\/\",\"https:\\\/\\\/www.instagram.com\\\/lo_segador\\\/\"]},{\"@type\":\"Person\",\"@id\":\"https:\\\/\\\/losegador.com\\\/en\\\/#\\\/schema\\\/person\\\/9dfd1fddb77e195e4fe8398e0ec87be8\",\"name\":\"Dora\"}]}<\/script>\n<!-- \/ Yoast SEO plugin. -->","yoast_head_json":{"title":"Euf\u00f2nic festival - Lo Segador","robots":{"index":"index","follow":"follow","max-snippet":"max-snippet:-1","max-image-preview":"max-image-preview:large","max-video-preview":"max-video-preview:-1"},"canonical":"https:\/\/losegador.com\/en\/eufonic-festival\/","og_locale":"en_US","og_type":"article","og_title":"Euf\u00f2nic festival - Lo Segador","og_description":"Euf\u00f2nic is a four-day festival built around sound, visual and digital arts, which takes place in Sant Carles de la R\u00e0pita and its surroundings with artistic installations at various spaces [&hellip;]","og_url":"https:\/\/losegador.com\/en\/eufonic-festival\/","og_site_name":"Lo Segador","article_publisher":"https:\/\/www.facebook.com\/losegador\/","article_published_time":"2020-01-12T22:59:35+00:00","article_modified_time":"2021-03-19T19:48:47+00:00","og_image":[{"width":1024,"height":576,"url":"https:\/\/losegador.com\/losegador\/wp-content\/uploads\/2020\/04\/eufonic-1024x624-1.jpeg","type":"image\/jpeg"}],"author":"Dora","twitter_card":"summary_large_image","twitter_misc":{"Written by":"Dora"},"schema":{"@context":"https:\/\/schema.org","@graph":[{"@type":"Article","@id":"https:\/\/losegador.com\/en\/eufonic-festival\/#article","isPartOf":{"@id":"https:\/\/losegador.com\/en\/eufonic-festival\/"},"author":{"name":"Dora","@id":"https:\/\/losegador.com\/en\/#\/schema\/person\/9dfd1fddb77e195e4fe8398e0ec87be8"},"headline":"Euf\u00f2nic festival","datePublished":"2020-01-12T22:59:35+00:00","dateModified":"2021-03-19T19:48:47+00:00","mainEntityOfPage":{"@id":"https:\/\/losegador.com\/en\/eufonic-festival\/"},"wordCount":78,"publisher":{"@id":"https:\/\/losegador.com\/en\/#organization"},"image":{"@id":"https:\/\/losegador.com\/en\/eufonic-festival\/#primaryimage"},"thumbnailUrl":"https:\/\/losegador.com\/losegador\/wp-content\/uploads\/2020\/04\/eufonic-1024x624-1.jpeg","inLanguage":"en-US"},{"@type":"WebPage","@id":"https:\/\/losegador.com\/en\/eufonic-festival\/","url":"https:\/\/losegador.com\/en\/eufonic-festival\/","name":"Euf\u00f2nic festival - Lo Segador","isPartOf":{"@id":"https:\/\/losegador.com\/en\/#website"},"primaryImageOfPage":{"@id":"https:\/\/losegador.com\/en\/eufonic-festival\/#primaryimage"},"image":{"@id":"https:\/\/losegador.com\/en\/eufonic-festival\/#primaryimage"},"thumbnailUrl":"https:\/\/losegador.com\/losegador\/wp-content\/uploads\/2020\/04\/eufonic-1024x624-1.jpeg","datePublished":"2020-01-12T22:59:35+00:00","dateModified":"2021-03-19T19:48:47+00:00","breadcrumb":{"@id":"https:\/\/losegador.com\/en\/eufonic-festival\/#breadcrumb"},"inLanguage":"en-US","potentialAction":[{"@type":"ReadAction","target":["https:\/\/losegador.com\/en\/eufonic-festival\/"]}]},{"@type":"ImageObject","inLanguage":"en-US","@id":"https:\/\/losegador.com\/en\/eufonic-festival\/#primaryimage","url":"https:\/\/losegador.com\/losegador\/wp-content\/uploads\/2020\/04\/eufonic-1024x624-1.jpeg","contentUrl":"https:\/\/losegador.com\/losegador\/wp-content\/uploads\/2020\/04\/eufonic-1024x624-1.jpeg","width":1024,"height":576},{"@type":"BreadcrumbList","@id":"https:\/\/losegador.com\/en\/eufonic-festival\/#breadcrumb","itemListElement":[{"@type":"ListItem","position":1,"name":"Portada","item":"https:\/\/losegador.com\/en\/"},{"@type":"ListItem","position":2,"name":"Euf\u00f2nic festival"}]},{"@type":"WebSite","@id":"https:\/\/losegador.com\/en\/#website","url":"https:\/\/losegador.com\/en\/","name":"Lo Segador","description":"","publisher":{"@id":"https:\/\/losegador.com\/en\/#organization"},"potentialAction":[{"@type":"SearchAction","target":{"@type":"EntryPoint","urlTemplate":"https:\/\/losegador.com\/en\/?s={search_term_string}"},"query-input":{"@type":"PropertyValueSpecification","valueRequired":true,"valueName":"search_term_string"}}],"inLanguage":"en-US"},{"@type":"Organization","@id":"https:\/\/losegador.com\/en\/#organization","name":"Lo Segador","url":"https:\/\/losegador.com\/en\/","logo":{"@type":"ImageObject","inLanguage":"en-US","@id":"https:\/\/losegador.com\/en\/#\/schema\/logo\/image\/","url":"https:\/\/losegador.com\/losegador\/wp-content\/uploads\/2020\/06\/lo-segador-logo.png","contentUrl":"https:\/\/losegador.com\/losegador\/wp-content\/uploads\/2020\/06\/lo-segador-logo.png","width":600,"height":400,"caption":"Lo Segador"},"image":{"@id":"https:\/\/losegador.com\/en\/#\/schema\/logo\/image\/"},"sameAs":["https:\/\/www.facebook.com\/losegador\/","https:\/\/www.instagram.com\/lo_segador\/"]},{"@type":"Person","@id":"https:\/\/losegador.com\/en\/#\/schema\/person\/9dfd1fddb77e195e4fe8398e0ec87be8","name":"Dora"}]}},"jetpack_featured_media_url":"https:\/\/losegador.com\/losegador\/wp-content\/uploads\/2020\/04\/eufonic-1024x624-1.jpeg","uagb_featured_image_src":{"full":["https:\/\/losegador.com\/losegador\/wp-content\/uploads\/2020\/04\/eufonic-1024x624-1.jpeg",1024,576,false],"thumbnail":["https:\/\/losegador.com\/losegador\/wp-content\/uploads\/2020\/04\/eufonic-1024x624-1-300x300.jpeg",300,300,true],"medium":["https:\/\/losegador.com\/losegador\/wp-content\/uploads\/2020\/04\/eufonic-1024x624-1-900x506.jpeg",900,506,true],"medium_large":["https:\/\/losegador.com\/losegador\/wp-content\/uploads\/2020\/04\/eufonic-1024x624-1-768x432.jpeg",580,326,true],"large":["https:\/\/losegador.com\/losegador\/wp-content\/uploads\/2020\/04\/eufonic-1024x624-1.jpeg",580,326,false],"1536x1536":["https:\/\/losegador.com\/losegador\/wp-content\/uploads\/2020\/04\/eufonic-1024x624-1.jpeg",1024,576,false],"2048x2048":["https:\/\/losegador.com\/losegador\/wp-content\/uploads\/2020\/04\/eufonic-1024x624-1.jpeg",1024,576,false],"post-thumbnail":["https:\/\/losegador.com\/losegador\/wp-content\/uploads\/2020\/04\/eufonic-1024x624-1.jpeg",1024,576,false],"twentytwenty-fullscreen":["https:\/\/losegador.com\/losegador\/wp-content\/uploads\/2020\/04\/eufonic-1024x624-1.jpeg",1024,576,false]},"uagb_author_info":{"display_name":"Dora","author_link":"https:\/\/losegador.com\/en\/author\/admin\/"},"uagb_comment_info":0,"uagb_excerpt":"Euf\u00f2nic is a four-day festival built around sound, visual and digital arts, which takes place in Sant Carles de la R\u00e0pita and its surroundings with artistic installations at various spaces [&hellip;]","jetpack_sharing_enabled":true,"_links":{"self":[{"href":"https:\/\/losegador.com\/en\/wp-json\/wp\/v2\/posts\/3968","targetHints":{"allow":["GET"]}}],"collection":[{"href":"https:\/\/losegador.com\/en\/wp-json\/wp\/v2\/posts"}],"about":[{"href":"https:\/\/losegador.com\/en\/wp-json\/wp\/v2\/types\/post"}],"author":[{"embeddable":true,"href":"https:\/\/losegador.com\/en\/wp-json\/wp\/v2\/users\/1"}],"replies":[{"embeddable":true,"href":"https:\/\/losegador.com\/en\/wp-json\/wp\/v2\/comments?post=3968"}],"version-history":[{"count":2,"href":"https:\/\/losegador.com\/en\/wp-json\/wp\/v2\/posts\/3968\/revisions"}],"predecessor-version":[{"id":4905,"href":"https:\/\/losegador.com\/en\/wp-json\/wp\/v2\/posts\/3968\/revisions\/4905"}],"wp:featuredmedia":[{"embeddable":true,"href":"https:\/\/losegador.com\/en\/wp-json\/wp\/v2\/media\/4900"}],"wp:attachment":[{"href":"https:\/\/losegador.com\/en\/wp-json\/wp\/v2\/media?parent=3968"}],"wp:term":[{"taxonomy":"category","embeddable":true,"href":"https:\/\/losegador.com\/en\/wp-json\/wp\/v2\/categories?post=3968"},{"taxonomy":"post_tag","embeddable":true,"href":"https:\/\/losegador.com\/en\/wp-json\/wp\/v2\/tags?post=3968"}],"curies":[{"name":"wp","href":"https:\/\/api.w.org\/{rel}","templated":true}]}}